{"id":1500,"date":"2013-05-31T10:24:56","date_gmt":"2013-05-31T07:24:56","guid":{"rendered":"http:\/\/concordia.fi\/second\/?p=1500"},"modified":"2013-09-22T17:39:21","modified_gmt":"2013-09-22T14:39:21","slug":"nela-2013-turussa","status":"publish","type":"post","link":"https:\/\/concordia.fi\/second\/2013\/05\/31\/nela-2013-turussa\/","title":{"rendered":"NELA 2013 Turussa"},"content":{"rendered":"<p><a href=\"http:\/\/concordia.fi\/second\/ajankohtaista\/flags\/\" rel=\"attachment wp-att-1515\"><img loading=\"lazy\" class=\"aligncenter size-full wp-image-1515\" alt=\"flags\" src=\"http:\/\/concordia.fi\/second\/wp-content\/uploads\/2012\/03\/flags.png\" width=\"352\" height=\"216\" \/><\/a><\/p>\n<p align=\"center\"><b>SANA JA LIHA<br \/>\nSIELU JA RUUMIS<br \/>\n<\/b><b>Pohjois-Euroopan Luther-Akatemia (NELA)<br \/>\nkutsuu symposiumiin Turkuun <\/b><\/p>\n<p align=\"center\"><b>24-26.6 2013<\/b><\/p>\n<p><iframe loading=\"lazy\" src=\"http:\/\/maps.google.fi\/maps?f=q&amp;source=s_q&amp;hl=fi&amp;geocode=&amp;q=Puutarhakatu+19,+Turku&amp;aq=0&amp;oq=Puutarhakatu+19,+&amp;sll=64.892958,26.0218&amp;sspn=12.103587,52.119141&amp;ie=UTF8&amp;hq=&amp;hnear=Puutarhakatu+19,+20100+Turku&amp;t=m&amp;z=14&amp;ll=60.449983,22.252812&amp;output=embed\" height=\"210\" width=\"255\" frameborder=\"0\" marginwidth=\"0\" marginheight=\"0\" scrolling=\"no\"><\/iframe><br \/>\n<small><a style=\"color: #0000ff; text-align: left;\" href=\"http:\/\/maps.google.fi\/maps?f=q&amp;source=embed&amp;hl=fi&amp;geocode=&amp;q=Puutarhakatu+19,+Turku&amp;aq=0&amp;oq=Puutarhakatu+19,+&amp;sll=64.892958,26.0218&amp;sspn=12.103587,52.119141&amp;ie=UTF8&amp;hq=&amp;hnear=Puutarhakatu+19,+20100+Turku&amp;t=m&amp;z=14&amp;ll=60.449983,22.252812\">N\u00e4yt\u00e4 suurempi kartta<\/a><\/small><br \/>\nSymposiumin osoite: Puutarhankatu 19 B, Turku<\/p>\n<p>&nbsp;<\/p>\n<p><b><span style=\"text-decoration: underline;\">Maanantai 24.6.<\/span><\/b><br \/>\nSaapuminen aamup\u00e4iv\u00e4ll\u00e4<br \/>\n11.30\u00a0 Lounas<\/p>\n<p>13.00\u00a0 Symposiumin avaus Anssi Simojoki y.m.<\/p>\n<p>13.30\u00a0 Hartaus yhdess\u00e4 Corpus Christi konferenssin kanssa.<\/p>\n<p>14.15\u00a0 Anssi Simojoki, Suomi: <i>Kristologia Sanan ja lihan yhdist\u00e4j\u00e4n\u00e4<\/i><\/p>\n<p>16.15 Omenahotelli avautuu (hotelliin majoittuvat voivat ottaa huoneensa)<\/p>\n<p>17.00 P\u00e4iv\u00e4llinen<\/p>\n<p>18.00Vesper<\/p>\n<p>18.45 Knut Alfsv\u00e5g, Norja: <em>Mellom gnostisisme og materialisme \u2013 om kroppens betydning i kristen etikk<\/em><\/p>\n<p>20.00 Kompletorio<\/p>\n<p>21.00 Illallinen<\/p>\n<p><b><span style=\"text-decoration: underline;\">Tiistai 25.6.<br \/>\n<\/span><\/b>8.00\u00a0 Aamiainen<\/p>\n<p>9.00\u00a0 Laudes<\/p>\n<p>9.30\u00a0 Fredrik Sidenvall, Ruotsi: \u00a0<i>Grunddrag till en verbal intersubjektivism -bryggan mellan k\u00f6tt och ande hos J G Hamann och aktuell neurologi<\/i><\/p>\n<p>10.45 Jan Bygstad, Norja: <i>Kj\u00f8d og \u00e5nd, &#8211; Antropologien i GT<\/i><\/p>\n<p>12.00 Ad sextam<\/p>\n<p>12.30 Lounas<\/p>\n<p>Lounaan j\u00e4lkeen Turkuun tutustuminen (mm. Tuomiokirkko, Turun linna)<\/p>\n<p>17.00\u00a0 P\u00e4iv\u00e4llinen<br \/>\n18.00\u00a0\u00a0 Paneelikeskustelu, miten ruumiillinen ja luotu n\u00e4hd\u00e4\u00e4n t\u00e4m\u00e4n p\u00e4iv\u00e4n kristillisyydess\u00e4.<br \/>\nAlfsv\u00e5g, Bygstad, Sidenvall,\u00a0 Sandell (moderator)<\/p>\n<p>20.00 Iltamessu<\/p>\n<p>21.15 Illallinen<\/p>\n<p><b><span style=\"text-decoration: underline;\">Keskiviikko 26.6.<br \/>\n<\/span><\/b>8.00 Aamiainen<\/p>\n<p>9.00\u00a0Laudes<\/p>\n<p>9.30 \u00a0Hans Olav Okkels, Tanska: \u00a0<i>Sakramentit ja ihmisen pelastuminen.<\/i><\/p>\n<p>11.00 Halvar Sandell, Finland: \u00a0<i>Dietrich Bonhoefferin hyv\u00e4stij\u00e4tt\u00f6 Saksan idealismille<\/i>.<\/p>\n<p>12.00\u00a0 Ad sextam<\/p>\n<p>12.30 Lounas<\/p>\n<p>14.00 <i>Pohjolan symposiumeja teologiasta kiinnoistuneille.\u00a0 Ajatuksia NELAn roolista ja teht\u00e4v\u00e4st\u00e4.<\/i>\u00a0 Sebastian Gr\u00fcnbaum, Suomi.<\/p>\n<p>NELAn vuosikokous.<\/p>\n<p>Symposiumin p\u00e4\u00e4t\u00f6s: Anssi Simojoki.<\/p>\n<p><em>Ilmoittautuminen ja maksut:<\/em><\/p>\n<p>Ilmoittautuminen \u2013 ensi tilassa Halvar Sandellille: <a href=\"mailto:halvar.sandell@gmail.com\">halvar.sandell@gmail.com<\/a>\u00a0 puh. : +358-503803920<br \/>\nIlmoittautumisessa:<\/p>\n<p>Nimi:<br \/>\nIlmoita, moneksiko y\u00f6ksi tarvitset majoituksen: 0\/1\/2\/3<br \/>\nNELAn puolesta ei voida tarjota y\u00f6pymist\u00e4 sunnuntain ja maanantain v\u00e4liseksi y\u00f6ksi<\/p>\n<p>Koko majoituspaketin hinta on yhteens\u00e4 150 \u20ac \/ henkil\u00f6<br \/>\nSiihen sis\u00e4ltyy: 2 y\u00f6t\u00e4 Omenahotellissa 73 \u20ac \/\u00a02\u00a0henkil\u00f6\u00e4 huonetta kohti (hotellihuone ma-ti ja\u00a0ti-ke) + 50 \u20ac ruoka\u00a0\u00a0+ ylim. kulut\u00a0= 150 \u20ac<\/p>\n<p>On mahdollista y\u00f6py\u00e4 halvemmalla jakamalla huoneen kahden tai kolmen henkil\u00f6n kanssa.\u00a0Kaikissa huoneissa on 2 + 2 vuodetta.\u00a0Huoneisiin voi tutustua osoitteessa:<a href=\"http:\/\/www.omenahotels.com\/fi\/huoneet\/\" target=\"_blank\">http:\/\/www.omenahotels.com\/fi\/huoneet\/<\/a><br \/>\nJos joku haluaa, on mahdollista p\u00e4\u00e4st\u00e4 joukkomajoitukseen samaan aikaan kokoontuvan Corpus Christi -konferenssiv\u00e4en kanssa.<br \/>\nSimultaanitulkkaus suomen kielell\u00e4.<br \/>\nSimultaneous interpretation into English<\/p>\n<p>&nbsp;<\/p>\n<p align=\"center\"><b>ORD OCH K\u00d6TT<br \/>\nSJ\u00c4L OCH KROPP<br \/>\nNordeuropeiska Luther Akademin<br \/>\ninbjuder till symposium i \u00c5bo, Finland<br \/>\n24-26.6 2013<br \/>\n<i>Pohjois-Europan Luther-AkatemiaThe North European Luther-Academy (NELA)<\/i><\/b><\/p>\n<p align=\"center\">Adress f\u00f6r symposium: \u00a0Tr\u00e4dg\u00e5rdsgatan 19 B, \u00c5bo<\/p>\n<p>&nbsp;<\/p>\n<p><b><span style=\"text-decoration: underline;\">M\u00e5ndag 24 juni<\/span><\/b><br \/>\nAnkomst under f\u00f6rmiddagen<br \/>\n11.30 \u00a0Lunch<\/p>\n<p>13.00 \u00a0Symposiet inleds. Anssi Simojoki m.fl.<\/p>\n<p>13.30 \u00a0Andakt med Corpus Christi konferensen, som samtidigt p\u00e5g\u00e5r.<\/p>\n<p>14.15\u00a0 Anssi Simojoki, Finland: Kristologin mellan Ord och K\u00f6tt<\/p>\n<p>16.15 Omenahotellet \u00f6ppnar (de som bor d\u00e4r kan ta sitt hotellrum i bruk)<\/p>\n<p>17.00 Middag.<\/p>\n<p>18.00 Vesper<\/p>\n<p>18.45 Knut Alfsv\u00e5g, Norge: <em>Mellom gnostisisme og materialisme \u2013 om kroppens betydning i kristen etikk<\/em><\/p>\n<p>20.00 Completorium<\/p>\n<p>21.00 Kv\u00e4llsm\u00e5l.<\/p>\n<p><b><span style=\"text-decoration: underline;\">Tisdag\u00a0 25 juni<br \/>\n<\/span><\/b>8.00 \u00a0Frukost<\/p>\n<p>9.00\u00a0 Laudes<\/p>\n<p>9.30\u00a0 Fredrik Sidenvall, Sverige: Grunddrag till en verbal intersubjektivism -bryggan mellan k\u00f6tt och ande hos J G Hamann och aktuell neurologi<\/p>\n<p>10.45 Jan Bygstad, Norge: Kj\u00f8d og \u00e5nd, &#8211; Antropologien i GT<\/p>\n<p>12.00 Ad sextam<\/p>\n<p>12.30 Lunch<\/p>\n<p>Efter lunch sightseeing tur i \u00c5bo (Domkyrkan, Slottet bl.a.)<\/p>\n<p>17.00\u00a0 Middag<\/p>\n<p>18.00 \u00a0 Panelsamtal ang\u00e5ende <b>synen p\u00e5 det kroppsliga<\/b> och det skapade i dagens kristenhet.<br \/>\nAlfsv\u00e5g, Bygstad, Sidenvall,\u00a0 Sandell (moderator)<\/p>\n<p>20.00 Kv\u00e4llsm\u00e4ssa<\/p>\n<p>21.15 Kv\u00e4llsm\u00e5l<\/p>\n<p><b><span style=\"text-decoration: underline;\">Onsdag 26 juni<br \/>\n<\/span><\/b>8.00\u00a0 Frukost<\/p>\n<p>9.00 \u00a0 Laudes<\/p>\n<p>9.30 \u00a0 Hans Olav Okkels, Danmark: Sakramenten och m\u00e4nniskans fr\u00e4lsning.<\/p>\n<p>11.00 Halvar Sandell, Finland. Dietrich Bonhoeffers avsked fr\u00e5n den tyska idealismen.<\/p>\n<p>12.00\u00a0 Ad sextam<\/p>\n<p>12.30 Lunch<\/p>\n<p>14.00 Symposier f\u00f6r teologiskt intresserade i Norden. Nelas roll och uppgift. N\u00e5gra tankar. Sebastian Gr\u00fcnbaum, Finland<\/p>\n<p>NELAs \u00e5rsm\u00f6te.<\/p>\n<p>Avslutning: Anssi Simojoki.<\/p>\n<p><em>Anm\u00e4lan och avgifter:<\/em><\/p>\n<p>Anm\u00e4lan \u2013 s\u00e5 omedelbart som m\u00f6jligt till Halvar Sandell: <a href=\"mailto:halvar.sandell@gmail.com\">halvar.sandell@gmail.com<\/a>\u00a0 tfn: +358-503803920<br \/>\nI anm\u00e4lan ing\u00e5r:<\/p>\n<p>Namn:<br \/>\nAnge f\u00f6r hur m\u00e5nga n\u00e4tter nattlogi beh\u00f6vs. 0\/1\/2\/3<br \/>\nFr\u00e5n NELA:s sida erbjuds inget nattlogi s\u00f6nd-m\u00e5nd.<\/p>\n<p>Prisuppgifter<\/p>\n<p>Hotellet kostar 73 \u20ac\/ per natt. 2 N\u00e4tter = 146\u00a0\u20ac<br \/>\nOm rum delas 36,50 \u20ac \/per natt 2 n\u00e4tter = 73 \u20ac<br \/>\nMat f\u00f6r hela tiden kostar: 50 \u20ac\u00a0 ). Dvs 2 n\u00e4tter i delat rum + mat + serviceavgift=150 \u20ac. (I tidigare uppgifter finns ett fel. Detta \u00e4r det korrekta) Hotellet p\u00e5 n\u00e4tet: <a href=\"http:\/\/www.omenahotels.com\/se\/our-hotels\/finland\/aabo\/\">http:\/\/www.omenahotels.com\/se\/our-hotels\/finland\/aabo\/<\/a><\/p>\n<p>Ifall\u00a0 n\u00e5gon vill ha massinkvartering tillsammans med konferensen Corpus Christi som samtidigt p\u00e5g\u00e5r \u00e4r det ocks\u00e5 m\u00f6jligt.<br \/>\nSimultaanitulkkaus suomen kieleen.<br \/>\nSimultaneous interpretation into english<\/p>\n<p>&nbsp;<\/p>\n<p><b>\u00a0<\/b><\/p>\n<p>a href=&#8221;http:\/\/concordia.fi\/second\/ajankohtaista\/flags\/&#8221; rel=&#8221;attachment wp-att-1515&#8243;\/p\/smallem<\/p>\n<p>\/span<\/p>\n","protected":false},"excerpt":{"rendered":"<p>SANA JA LIHA SIELU JA RUUMIS Pohjois-Euroopan Luther-Akatemia (NELA) kutsuu symposiumiin Turkuun 24-26.6 2013 N\u00e4yt\u00e4 suurempi kartta Symposiumin osoite: Puutarhankatu 19 B, Turku &nbsp; Maanantai 24.6. Saapuminen aamup\u00e4iv\u00e4ll\u00e4 11.30\u00a0 Lounas 13.00\u00a0 Symposiumin avaus Anssi Simojoki y.m. 13.30\u00a0 Hartaus yhdess\u00e4 Corpus Christi konferenssin kanssa. 14.15\u00a0 Anssi Simojoki, Suomi: Kristologia Sanan ja lihan yhdist\u00e4j\u00e4n\u00e4 16.15 Omenahotelli avautuu [&hellip;]<\/p>\n","protected":false},"author":2,"featured_media":0,"comment_status":"open","ping_status":"open","sticky":false,"template":"","format":"standard","meta":[],"categories":[66,105],"tags":[107,283,284,282],"_links":{"self":[{"href":"https:\/\/concordia.fi\/second\/wp-json\/wp\/v2\/posts\/1500"}],"collection":[{"href":"https:\/\/concordia.fi\/second\/wp-json\/wp\/v2\/posts"}],"about":[{"href":"https:\/\/concordia.fi\/second\/wp-json\/wp\/v2\/types\/post"}],"author":[{"embeddable":true,"href":"https:\/\/concordia.fi\/second\/wp-json\/wp\/v2\/users\/2"}],"replies":[{"embeddable":true,"href":"https:\/\/concordia.fi\/second\/wp-json\/wp\/v2\/comments?post=1500"}],"version-history":[{"count":27,"href":"https:\/\/concordia.fi\/second\/wp-json\/wp\/v2\/posts\/1500\/revisions"}],"predecessor-version":[{"id":1608,"href":"https:\/\/concordia.fi\/second\/wp-json\/wp\/v2\/posts\/1500\/revisions\/1608"}],"wp:attachment":[{"href":"https:\/\/concordia.fi\/second\/wp-json\/wp\/v2\/media?parent=1500"}],"wp:term":[{"taxonomy":"category","embeddable":true,"href":"https:\/\/concordia.fi\/second\/wp-json\/wp\/v2\/categories?post=1500"},{"taxonomy":"post_tag","embeddable":true,"href":"https:\/\/concordia.fi\/second\/wp-json\/wp\/v2\/tags?post=1500"}],"curies":[{"name":"wp","href":"https:\/\/api.w.org\/{rel}","templated":true}]}}